{"id":61924,"date":"2023-03-28T14:56:14","date_gmt":"2023-03-28T12:56:14","guid":{"rendered":"https:\/\/www.arcadsoftware.com\/?p=61924"},"modified":"2023-03-28T14:56:14","modified_gmt":"2023-03-28T12:56:14","slug":"lancement-de-la-deuxieme-edition-de-open-your-i-evenement-incontournable-autour-de-la-plateforme-ibm-i","status":"publish","type":"post","link":"https:\/\/www.arcadsoftware.fr\/arcad\/infos-et-evenements\/articles-de-presse\/lancement-de-la-deuxieme-edition-de-open-your-i-evenement-incontournable-autour-de-la-plateforme-ibm-i\/","title":{"rendered":"Lancement de la deuxi\u00e8me \u00e9dition de \u00ab Open Your i \u00bb, \u00e9v\u00e9nement  incontournable autour de la plateforme IBM i"},"content":{"rendered":"<div class=\"fusion-fullwidth fullwidth-box fusion-builder-row-1 fusion-flex-container nonhundred-percent-fullwidth non-hundred-percent-height-scrolling\" style=\"--awb-border-radius-top-left:0px;--awb-border-radius-top-right:0px;--awb-border-radius-bottom-right:0px;--awb-border-radius-bottom-left:0px;--awb-padding-bottom:45px;--awb-flex-wrap:wrap;\" ><div class=\"fusion-builder-row fusion-row fusion-flex-align-items-flex-start fusion-flex-justify-content-center fusion-flex-content-wrap\" style=\"max-width:1248px;margin-left: calc(-4% \/ 2 );margin-right: calc(-4% \/ 2 );\"><div class=\"fusion-layout-column fusion_builder_column fusion-builder-column-0 fusion_builder_column_2_3 2_3 fusion-flex-column\" style=\"--awb-bg-blend:overlay;--awb-bg-size:cover;--awb-width-large:66.666666666667%;--awb-margin-top-large:0px;--awb-spacing-right-large:1.44%;--awb-margin-bottom-large:0px;--awb-spacing-left-large:1.44%;--awb-width-medium:66.666666666667%;--awb-spacing-right-medium:1.44%;--awb-spacing-left-medium:1.44%;--awb-width-small:100%;--awb-spacing-right-small:1.92%;--awb-spacing-left-small:1.92%;\"><div class=\"fusion-column-wrapper fusion-flex-justify-content-flex-start fusion-content-layout-column\"><div class=\"fusion-text fusion-text-1\"><p><strong>ARCAD Software, CGI, GAIA, Hardis Group, IBM, Kyndryl et OCSI coorganisent la deuxi\u00e8me \u00e9dition de le la journ\u00e9e de conf\u00e9rences en ligne Open Your i. L\u2019\u00e9v\u00e9nement aura lieu le 20 avril 2023, sous forme de conf\u00e9rences en ligne \u00e0 partir de 9h30 jusqu\u2019\u00e0 17h00.<\/strong><\/p>\n<p>Avec la tendance DevOps, le Move to Cloud, mais aussi la p\u00e9nurie de ressources, la barri\u00e8re entre le monde legacy et le monde num\u00e9rique, les utilisateurs de la platefome IBM i sont aujourd\u2019hui face \u00e0 la question : \u00ab dois-je rester sur cette plateforme ou dois-je la quitter ? \u00bb. <\/p>\n<p>La journ\u00e9e de conf\u00e9rences se d\u00e9roulera autour de cette th\u00e9matique pour aider les participants \u00e0 r\u00e9fl\u00e9chir aux bons r\u00e9flexes \u00e0 adopter ainsi qu&#8217;\u00e0 l&#8217;importance de l&#8217;anticipation des risques pour g\u00e9rer ce patrimoine d\u2019applications Legacy.<\/p>\n<\/div><div style=\"text-align:center;\"><a class=\"fusion-button button-flat button-medium button-default fusion-button-default button-1 fusion-button-default-span fusion-button-default-type\" target=\"_self\" href=\"https:\/\/4514828.fs1.hubspotusercontent-na1.net\/hubfs\/4514828\/resources-download\/press-articles\/cp-event-open-your-i-2023.pdf\"><span class=\"fusion-button-text awb-button__text awb-button__text--default\">Lire le communiqu\u00e9 de presse<\/span><\/a><\/div><\/div><\/div><\/div><\/div>\n","protected":false},"excerpt":{"rendered":"<p>De nouveaux outils de modernisation de l\u2018UI compl\u00e8tent l\u2018offre int\u00e9gr\u00e9e d\u2018ARCAD pour la modernisation et DevOps sur IBM i.<\/p>\n","protected":false},"author":16,"featured_media":0,"comment_status":"closed","ping_status":"open","sticky":false,"template":"","format":"standard","meta":{"footnotes":""},"categories":[350],"tags":[],"class_list":["post-61924","post","type-post","status-publish","format-standard","hentry","category-articles-de-presse"],"yoast_head":"<!-- This site is optimized with the Yoast SEO plugin v27.3 - https:\/\/yoast.com\/product\/yoast-seo-wordpress\/ -->\n<title>Lancement de la deuxi\u00e8me \u00e9dition de \u00ab Open Your i \u00bb | CP<\/title>\n<meta name=\"description\" content=\"Prenez part au lancement de la deuxi\u00e8me \u00e9dition de \u00ab Open Your i \u00bb, \u00e9v\u00e9nement incontournable autour de la plateforme IBM i.\" \/>\n<meta name=\"robots\" content=\"index, follow, max-snippet:-1, max-image-preview:large, max-video-preview:-1\" \/>\n<link rel=\"canonical\" href=\"https:\/\/www.arcadsoftware.fr\/arcad\/infos-et-evenements\/articles-de-presse\/lancement-de-la-deuxieme-edition-de-open-your-i-evenement-incontournable-autour-de-la-plateforme-ibm-i\/\" \/>\n<meta property=\"og:locale\" content=\"en_US\" \/>\n<meta property=\"og:type\" content=\"article\" \/>\n<meta property=\"og:title\" content=\"Lancement de la deuxi\u00e8me \u00e9dition de \u00ab Open Your i \u00bb | CP\" \/>\n<meta property=\"og:description\" content=\"Prenez part au lancement de la deuxi\u00e8me \u00e9dition de \u00ab Open Your i \u00bb, \u00e9v\u00e9nement incontournable autour de la plateforme IBM i.\" \/>\n<meta property=\"og:url\" content=\"https:\/\/www.arcadsoftware.fr\/arcad\/infos-et-evenements\/articles-de-presse\/lancement-de-la-deuxieme-edition-de-open-your-i-evenement-incontournable-autour-de-la-plateforme-ibm-i\/\" \/>\n<meta property=\"og:site_name\" content=\"ARCAD\" \/>\n<meta property=\"article:publisher\" content=\"https:\/\/www.facebook.com\/pages\/Arcad-Software\/116086138469235\" \/>\n<meta property=\"article:published_time\" content=\"2023-03-28T12:56:14+00:00\" \/>\n<meta name=\"author\" content=\"Myriam Goutte\" \/>\n<meta name=\"twitter:label1\" content=\"Written by\" \/>\n\t<meta name=\"twitter:data1\" content=\"Myriam Goutte\" \/>\n\t<meta name=\"twitter:label2\" content=\"Est. reading time\" \/>\n\t<meta name=\"twitter:data2\" content=\"1 minute\" \/>\n<script type=\"application\/ld+json\" class=\"yoast-schema-graph\">{\"@context\":\"https:\\\/\\\/schema.org\",\"@graph\":[{\"@type\":\"Article\",\"@id\":\"https:\\\/\\\/www.arcadsoftware.fr\\\/arcad\\\/infos-et-evenements\\\/articles-de-presse\\\/lancement-de-la-deuxieme-edition-de-open-your-i-evenement-incontournable-autour-de-la-plateforme-ibm-i\\\/#article\",\"isPartOf\":{\"@id\":\"https:\\\/\\\/www.arcadsoftware.fr\\\/arcad\\\/infos-et-evenements\\\/articles-de-presse\\\/lancement-de-la-deuxieme-edition-de-open-your-i-evenement-incontournable-autour-de-la-plateforme-ibm-i\\\/\"},\"author\":{\"name\":\"Myriam Goutte\",\"@id\":\"https:\\\/\\\/www.arcadsoftware.com\\\/arcad\\\/#\\\/schema\\\/person\\\/56072f2a9491143460e3cadf23b9d730\"},\"headline\":\"Lancement de la deuxi\u00e8me \u00e9dition de \u00ab Open Your i \u00bb, \u00e9v\u00e9nement incontournable autour de la plateforme IBM i\",\"datePublished\":\"2023-03-28T12:56:14+00:00\",\"mainEntityOfPage\":{\"@id\":\"https:\\\/\\\/www.arcadsoftware.fr\\\/arcad\\\/infos-et-evenements\\\/articles-de-presse\\\/lancement-de-la-deuxieme-edition-de-open-your-i-evenement-incontournable-autour-de-la-plateforme-ibm-i\\\/\"},\"wordCount\":357,\"publisher\":{\"@id\":\"https:\\\/\\\/www.arcadsoftware.com\\\/arcad\\\/#organization\"},\"articleSection\":[\"Articles de presse\"],\"inLanguage\":\"en-US\"},{\"@type\":\"WebPage\",\"@id\":\"https:\\\/\\\/www.arcadsoftware.fr\\\/arcad\\\/infos-et-evenements\\\/articles-de-presse\\\/lancement-de-la-deuxieme-edition-de-open-your-i-evenement-incontournable-autour-de-la-plateforme-ibm-i\\\/\",\"url\":\"https:\\\/\\\/www.arcadsoftware.fr\\\/arcad\\\/infos-et-evenements\\\/articles-de-presse\\\/lancement-de-la-deuxieme-edition-de-open-your-i-evenement-incontournable-autour-de-la-plateforme-ibm-i\\\/\",\"name\":\"Lancement de la deuxi\u00e8me \u00e9dition de \u00ab Open Your i \u00bb | CP\",\"isPartOf\":{\"@id\":\"https:\\\/\\\/www.arcadsoftware.com\\\/arcad\\\/#website\"},\"datePublished\":\"2023-03-28T12:56:14+00:00\",\"description\":\"Prenez part au lancement de la deuxi\u00e8me \u00e9dition de \u00ab Open Your i \u00bb, \u00e9v\u00e9nement incontournable autour de la plateforme IBM i.\",\"breadcrumb\":{\"@id\":\"https:\\\/\\\/www.arcadsoftware.fr\\\/arcad\\\/infos-et-evenements\\\/articles-de-presse\\\/lancement-de-la-deuxieme-edition-de-open-your-i-evenement-incontournable-autour-de-la-plateforme-ibm-i\\\/#breadcrumb\"},\"inLanguage\":\"en-US\",\"potentialAction\":[{\"@type\":\"ReadAction\",\"target\":[\"https:\\\/\\\/www.arcadsoftware.fr\\\/arcad\\\/infos-et-evenements\\\/articles-de-presse\\\/lancement-de-la-deuxieme-edition-de-open-your-i-evenement-incontournable-autour-de-la-plateforme-ibm-i\\\/\"]}]},{\"@type\":\"BreadcrumbList\",\"@id\":\"https:\\\/\\\/www.arcadsoftware.fr\\\/arcad\\\/infos-et-evenements\\\/articles-de-presse\\\/lancement-de-la-deuxieme-edition-de-open-your-i-evenement-incontournable-autour-de-la-plateforme-ibm-i\\\/#breadcrumb\",\"itemListElement\":[{\"@type\":\"ListItem\",\"position\":1,\"name\":\"ARCAD\",\"item\":\"https:\\\/\\\/www.arcadsoftware.com\\\/arcad\\\/\"},{\"@type\":\"ListItem\",\"position\":2,\"name\":\"Lancement de la deuxi\u00e8me \u00e9dition de \u00ab Open Your i \u00bb, \u00e9v\u00e9nement incontournable autour de la plateforme IBM i\"}]},{\"@type\":\"WebSite\",\"@id\":\"https:\\\/\\\/www.arcadsoftware.com\\\/arcad\\\/#website\",\"url\":\"https:\\\/\\\/www.arcadsoftware.com\\\/arcad\\\/\",\"name\":\"ARCAD\",\"description\":\"Experts DevOps &amp; Modernisation sur IBM i (alias AS\\\/400 ou AS400)\",\"publisher\":{\"@id\":\"https:\\\/\\\/www.arcadsoftware.com\\\/arcad\\\/#organization\"},\"potentialAction\":[{\"@type\":\"SearchAction\",\"target\":{\"@type\":\"EntryPoint\",\"urlTemplate\":\"https:\\\/\\\/www.arcadsoftware.com\\\/arcad\\\/?s={search_term_string}\"},\"query-input\":{\"@type\":\"PropertyValueSpecification\",\"valueRequired\":true,\"valueName\":\"search_term_string\"}}],\"inLanguage\":\"en-US\"},{\"@type\":\"Organization\",\"@id\":\"https:\\\/\\\/www.arcadsoftware.com\\\/arcad\\\/#organization\",\"name\":\"ARCAD Software\",\"url\":\"https:\\\/\\\/www.arcadsoftware.com\\\/arcad\\\/\",\"logo\":{\"@type\":\"ImageObject\",\"inLanguage\":\"en-US\",\"@id\":\"https:\\\/\\\/www.arcadsoftware.com\\\/arcad\\\/#\\\/schema\\\/logo\\\/image\\\/\",\"url\":\"https:\\\/\\\/www.arcadsoftware.com\\\/arcad\\\/wp-content\\\/uploads\\\/2017\\\/09\\\/arcad-group-logo-text-144.png\",\"contentUrl\":\"https:\\\/\\\/www.arcadsoftware.com\\\/arcad\\\/wp-content\\\/uploads\\\/2017\\\/09\\\/arcad-group-logo-text-144.png\",\"width\":144,\"height\":200,\"caption\":\"ARCAD Software\"},\"image\":{\"@id\":\"https:\\\/\\\/www.arcadsoftware.com\\\/arcad\\\/#\\\/schema\\\/logo\\\/image\\\/\"},\"sameAs\":[\"https:\\\/\\\/www.facebook.com\\\/pages\\\/Arcad-Software\\\/116086138469235\",\"https:\\\/\\\/x.com\\\/arcad_software\",\"https:\\\/\\\/www.linkedin.com\\\/company\\\/arcad-software\",\"https:\\\/\\\/www.youtube.com\\\/user\\\/ARCADSoftwareInc\"]},{\"@type\":\"Person\",\"@id\":\"https:\\\/\\\/www.arcadsoftware.com\\\/arcad\\\/#\\\/schema\\\/person\\\/56072f2a9491143460e3cadf23b9d730\",\"name\":\"Myriam Goutte\",\"url\":\"https:\\\/\\\/www.arcadsoftware.com\\\/arcad\\\/author\\\/myriam-goutte\\\/\"}]}<\/script>\n<!-- \/ Yoast SEO plugin. -->","yoast_head_json":{"title":"Lancement de la deuxi\u00e8me \u00e9dition de \u00ab Open Your i \u00bb | CP","description":"Prenez part au lancement de la deuxi\u00e8me \u00e9dition de \u00ab Open Your i \u00bb, \u00e9v\u00e9nement incontournable autour de la plateforme IBM i.","robots":{"index":"index","follow":"follow","max-snippet":"max-snippet:-1","max-image-preview":"max-image-preview:large","max-video-preview":"max-video-preview:-1"},"canonical":"https:\/\/www.arcadsoftware.fr\/arcad\/infos-et-evenements\/articles-de-presse\/lancement-de-la-deuxieme-edition-de-open-your-i-evenement-incontournable-autour-de-la-plateforme-ibm-i\/","og_locale":"en_US","og_type":"article","og_title":"Lancement de la deuxi\u00e8me \u00e9dition de \u00ab Open Your i \u00bb | CP","og_description":"Prenez part au lancement de la deuxi\u00e8me \u00e9dition de \u00ab Open Your i \u00bb, \u00e9v\u00e9nement incontournable autour de la plateforme IBM i.","og_url":"https:\/\/www.arcadsoftware.fr\/arcad\/infos-et-evenements\/articles-de-presse\/lancement-de-la-deuxieme-edition-de-open-your-i-evenement-incontournable-autour-de-la-plateforme-ibm-i\/","og_site_name":"ARCAD","article_publisher":"https:\/\/www.facebook.com\/pages\/Arcad-Software\/116086138469235","article_published_time":"2023-03-28T12:56:14+00:00","author":"Myriam Goutte","twitter_misc":{"Written by":"Myriam Goutte","Est. reading time":"1 minute"},"schema":{"@context":"https:\/\/schema.org","@graph":[{"@type":"Article","@id":"https:\/\/www.arcadsoftware.fr\/arcad\/infos-et-evenements\/articles-de-presse\/lancement-de-la-deuxieme-edition-de-open-your-i-evenement-incontournable-autour-de-la-plateforme-ibm-i\/#article","isPartOf":{"@id":"https:\/\/www.arcadsoftware.fr\/arcad\/infos-et-evenements\/articles-de-presse\/lancement-de-la-deuxieme-edition-de-open-your-i-evenement-incontournable-autour-de-la-plateforme-ibm-i\/"},"author":{"name":"Myriam Goutte","@id":"https:\/\/www.arcadsoftware.com\/arcad\/#\/schema\/person\/56072f2a9491143460e3cadf23b9d730"},"headline":"Lancement de la deuxi\u00e8me \u00e9dition de \u00ab Open Your i \u00bb, \u00e9v\u00e9nement incontournable autour de la plateforme IBM i","datePublished":"2023-03-28T12:56:14+00:00","mainEntityOfPage":{"@id":"https:\/\/www.arcadsoftware.fr\/arcad\/infos-et-evenements\/articles-de-presse\/lancement-de-la-deuxieme-edition-de-open-your-i-evenement-incontournable-autour-de-la-plateforme-ibm-i\/"},"wordCount":357,"publisher":{"@id":"https:\/\/www.arcadsoftware.com\/arcad\/#organization"},"articleSection":["Articles de presse"],"inLanguage":"en-US"},{"@type":"WebPage","@id":"https:\/\/www.arcadsoftware.fr\/arcad\/infos-et-evenements\/articles-de-presse\/lancement-de-la-deuxieme-edition-de-open-your-i-evenement-incontournable-autour-de-la-plateforme-ibm-i\/","url":"https:\/\/www.arcadsoftware.fr\/arcad\/infos-et-evenements\/articles-de-presse\/lancement-de-la-deuxieme-edition-de-open-your-i-evenement-incontournable-autour-de-la-plateforme-ibm-i\/","name":"Lancement de la deuxi\u00e8me \u00e9dition de \u00ab Open Your i \u00bb | CP","isPartOf":{"@id":"https:\/\/www.arcadsoftware.com\/arcad\/#website"},"datePublished":"2023-03-28T12:56:14+00:00","description":"Prenez part au lancement de la deuxi\u00e8me \u00e9dition de \u00ab Open Your i \u00bb, \u00e9v\u00e9nement incontournable autour de la plateforme IBM i.","breadcrumb":{"@id":"https:\/\/www.arcadsoftware.fr\/arcad\/infos-et-evenements\/articles-de-presse\/lancement-de-la-deuxieme-edition-de-open-your-i-evenement-incontournable-autour-de-la-plateforme-ibm-i\/#breadcrumb"},"inLanguage":"en-US","potentialAction":[{"@type":"ReadAction","target":["https:\/\/www.arcadsoftware.fr\/arcad\/infos-et-evenements\/articles-de-presse\/lancement-de-la-deuxieme-edition-de-open-your-i-evenement-incontournable-autour-de-la-plateforme-ibm-i\/"]}]},{"@type":"BreadcrumbList","@id":"https:\/\/www.arcadsoftware.fr\/arcad\/infos-et-evenements\/articles-de-presse\/lancement-de-la-deuxieme-edition-de-open-your-i-evenement-incontournable-autour-de-la-plateforme-ibm-i\/#breadcrumb","itemListElement":[{"@type":"ListItem","position":1,"name":"ARCAD","item":"https:\/\/www.arcadsoftware.com\/arcad\/"},{"@type":"ListItem","position":2,"name":"Lancement de la deuxi\u00e8me \u00e9dition de \u00ab Open Your i \u00bb, \u00e9v\u00e9nement incontournable autour de la plateforme IBM i"}]},{"@type":"WebSite","@id":"https:\/\/www.arcadsoftware.com\/arcad\/#website","url":"https:\/\/www.arcadsoftware.com\/arcad\/","name":"ARCAD","description":"Experts DevOps &amp; Modernisation sur IBM i (alias AS\/400 ou AS400)","publisher":{"@id":"https:\/\/www.arcadsoftware.com\/arcad\/#organization"},"potentialAction":[{"@type":"SearchAction","target":{"@type":"EntryPoint","urlTemplate":"https:\/\/www.arcadsoftware.com\/arcad\/?s={search_term_string}"},"query-input":{"@type":"PropertyValueSpecification","valueRequired":true,"valueName":"search_term_string"}}],"inLanguage":"en-US"},{"@type":"Organization","@id":"https:\/\/www.arcadsoftware.com\/arcad\/#organization","name":"ARCAD Software","url":"https:\/\/www.arcadsoftware.com\/arcad\/","logo":{"@type":"ImageObject","inLanguage":"en-US","@id":"https:\/\/www.arcadsoftware.com\/arcad\/#\/schema\/logo\/image\/","url":"https:\/\/www.arcadsoftware.com\/arcad\/wp-content\/uploads\/2017\/09\/arcad-group-logo-text-144.png","contentUrl":"https:\/\/www.arcadsoftware.com\/arcad\/wp-content\/uploads\/2017\/09\/arcad-group-logo-text-144.png","width":144,"height":200,"caption":"ARCAD Software"},"image":{"@id":"https:\/\/www.arcadsoftware.com\/arcad\/#\/schema\/logo\/image\/"},"sameAs":["https:\/\/www.facebook.com\/pages\/Arcad-Software\/116086138469235","https:\/\/x.com\/arcad_software","https:\/\/www.linkedin.com\/company\/arcad-software","https:\/\/www.youtube.com\/user\/ARCADSoftwareInc"]},{"@type":"Person","@id":"https:\/\/www.arcadsoftware.com\/arcad\/#\/schema\/person\/56072f2a9491143460e3cadf23b9d730","name":"Myriam Goutte","url":"https:\/\/www.arcadsoftware.com\/arcad\/author\/myriam-goutte\/"}]}},"_links":{"self":[{"href":"https:\/\/www.arcadsoftware.fr\/arcad\/wp-json\/wp\/v2\/posts\/61924","targetHints":{"allow":["GET"]}}],"collection":[{"href":"https:\/\/www.arcadsoftware.fr\/arcad\/wp-json\/wp\/v2\/posts"}],"about":[{"href":"https:\/\/www.arcadsoftware.fr\/arcad\/wp-json\/wp\/v2\/types\/post"}],"author":[{"embeddable":true,"href":"https:\/\/www.arcadsoftware.fr\/arcad\/wp-json\/wp\/v2\/users\/16"}],"replies":[{"embeddable":true,"href":"https:\/\/www.arcadsoftware.fr\/arcad\/wp-json\/wp\/v2\/comments?post=61924"}],"version-history":[{"count":3,"href":"https:\/\/www.arcadsoftware.fr\/arcad\/wp-json\/wp\/v2\/posts\/61924\/revisions"}],"predecessor-version":[{"id":61929,"href":"https:\/\/www.arcadsoftware.fr\/arcad\/wp-json\/wp\/v2\/posts\/61924\/revisions\/61929"}],"wp:attachment":[{"href":"https:\/\/www.arcadsoftware.fr\/arcad\/wp-json\/wp\/v2\/media?parent=61924"}],"wp:term":[{"taxonomy":"category","embeddable":true,"href":"https:\/\/www.arcadsoftware.fr\/arcad\/wp-json\/wp\/v2\/categories?post=61924"},{"taxonomy":"post_tag","embeddable":true,"href":"https:\/\/www.arcadsoftware.fr\/arcad\/wp-json\/wp\/v2\/tags?post=61924"}],"curies":[{"name":"wp","href":"https:\/\/api.w.org\/{rel}","templated":true}]}}