{"id":64597,"date":"2024-03-14T10:41:07","date_gmt":"2024-03-14T08:41:07","guid":{"rendered":"https:\/\/www.arcadsoftware.com\/arcad\/?p=64597"},"modified":"2024-03-29T17:59:08","modified_gmt":"2024-03-29T15:59:08","slug":"ibm-i-le-defi-de-la-transition-generationnelle","status":"publish","type":"post","link":"https:\/\/www.arcadsoftware.fr\/arcad\/infos-et-evenements\/blog-fr\/ibm-i-le-defi-de-la-transition-generationnelle\/","title":{"rendered":"IBM i : le d\u00e9fi de la transition g\u00e9n\u00e9rationnelle"},"content":{"rendered":"<div class=\"fusion-fullwidth fullwidth-box fusion-builder-row-1 fusion-flex-container nonhundred-percent-fullwidth non-hundred-percent-height-scrolling\" style=\"--awb-border-radius-top-left:0px;--awb-border-radius-top-right:0px;--awb-border-radius-bottom-right:0px;--awb-border-radius-bottom-left:0px;--awb-flex-wrap:wrap;\" id=\"blog-content\" ><div class=\"fusion-builder-row fusion-row fusion-flex-align-items-flex-start fusion-flex-justify-content-center fusion-flex-content-wrap\" style=\"max-width:1248px;margin-left: calc(-4% \/ 2 );margin-right: calc(-4% \/ 2 );\"><div class=\"fusion-layout-column fusion_builder_column fusion-builder-column-0 fusion_builder_column_2_3 2_3 fusion-flex-column\" style=\"--awb-bg-blend:overlay;--awb-bg-size:cover;--awb-width-large:66.666666666667%;--awb-margin-top-large:0px;--awb-spacing-right-large:2.88%;--awb-margin-bottom-large:0px;--awb-spacing-left-large:2.88%;--awb-width-medium:100%;--awb-spacing-right-medium:1.92%;--awb-spacing-left-medium:1.92%;--awb-width-small:100%;--awb-spacing-right-small:1.92%;--awb-spacing-left-small:1.92%;\"><div class=\"fusion-column-wrapper fusion-column-has-shadow fusion-flex-justify-content-flex-start fusion-content-layout-column\"><script type=\"text\/javascript\">\n(function ($) {\n  function setInnerLinks(containerID, elementClass) {\n    var $container = $('#' + containerID);\n    if (!$container.length) return;\n\n    \/\/ Emplacement du sommaire (Avada) avec repli sur le container\n    var $host = $(\"#blog-content>.fusion-builder-row>.fusion-layout-column:first-child .fusion-column-wrapper\");\n    if (!$host.length) $host = $container;\n\n    \/\/ Cr\u00e9e le bloc sommaire une seule fois\n    var $summary = $host.find('.summary');\n    if (!$summary.length) {\n      $summary = $(\"<div class='summary'><\/div>\");\n      var host = window.location.hostname.toLowerCase();\nvar tocTitle =\n  host.endsWith('.fr') ? 'Sommaire' :\n  host.endsWith('.com') ? 'Summary' :\n  ((document.documentElement.lang || '').toLowerCase().startsWith('fr') ? 'Sommaire' : 'Summary');\n\n\/\/ Insertion du titre (en texte, pas en HTML)\n$summary.append($('<h2\/>', { text: tocTitle, class: 'exclude-summary', style: 'padding-left: 25px;' }));\n      $summary.append(\"<ol id='\" + containerID + \"_links'><\/ol>\");\n      $host.prepend($summary);\n    }\n    var $list = $('#' + containerID + '_links').empty();\n\n    \/\/ Helpers: enlever la num\u00e9rotation, slug, unicit\u00e9\n    function stripLeadingEnumeration(str) {\n      var s = (str || '').trim();\n\n      \/\/ Cas 1 : \"1) Titre\", \"1. Titre\", \"1 - Titre\", \"1 \u2014 Titre\", \"1: Titre\"\n      s = s.replace(\/^\\d+\\s*[).:\\-\u2013\u2014]\\s+\/, '');\n\n      \/\/ Cas 2 : \"1.2 Titre\", \"2.3.4 Titre\" (au moins un point dans le groupe)\n      s = s.replace(\/^\\d+(?:\\.\\d+)+\\s+\/, '');\n\n      \/\/ NB : on ne retire PAS un simple nombre suivi d\u2019un espace (ex: \"2025 Roadmap\")\n      return s.trim();\n    }\n    var slugCounts = {};\n    function toSlug(str) {\n      return (str || '')\n        .toLowerCase()\n        .normalize('NFD').replace(\/[\\u0300-\\u036f]\/g, '')\n        .replace(\/[^\\w\\s-]\/g, '')\n        .trim()\n        .replace(\/\\s+\/g, '-')\n        .replace(\/-+\/g, '-');\n    }\n    function uniqueId(base) {\n      var n = (slugCounts[base] || 0) + 1;\n      slugCounts[base] = n;\n      return n === 1 ? base : base + '-' + n;\n    }\n\n    \/\/ S\u00e9lectionne les titres\n    var selector = elementClass || 'h2:not(.exclude-summary)';\n    var $headings = $container.find(selector);\n\n    $headings.each(function () {\n      var $h = $(this);\n      if ($h.hasClass('exclude-summary')) return;\n\n      \/\/ Texte pour l'affichage dans l'OL : sans la num\u00e9rotation initiale\n      var rawText = $.trim($h.text());\n      var displayText = stripLeadingEnumeration(rawText);\n\n      \/\/ ID bas\u00e9 sur le texte nettoy\u00e9 pour un slug plus propre\n      if (!$h.attr('id')) {\n        var base = toSlug(displayText || 'section');\n        var id = uniqueId(base);\n        while (document.getElementById(id)) { id = uniqueId(base); }\n        $h.attr('id', id);\n      }\n      var id = $h.attr('id');\n\n      \/\/ Focusable quand on suit l\u2019ancre\n      if (!$h.attr('tabindex')) $h.attr('tabindex', '-1');\n\n      \/\/ Ajoute l\u2019item de la liste ordonn\u00e9e (le num\u00e9ro est fourni par <ol>)\n      $list.append(\"<li><a href='#\" + id + \"'>\" + displayText + \"<\/a><\/li>\");\n    });\n\n    \/\/ Scroll fluide avec offset si header fixe\n    var $header = $('.fusion-header, .fusion-header-wrapper, header, .site-header').first();\n    var isFixed = \/fixed|sticky\/.test(($header.css('position') || ''));\n    var offset = isFixed ? ($header.outerHeight() || 0) : 0;\n\n    \/\/ D\u00e9l\u00e9gation: un seul handler pour tous les liens\n    $list.off('click.toc').on('click.toc', 'a', function (e) {\n      e.preventDefault();\n      var targetId = $(this).attr('href'); \/\/ ex: #vs-code-settings-sync\n      var $t = $(targetId);\n      if (!$t.length) return;\n\n      var y = Math.max($t.offset().top - offset, 0);\n      $('html, body').animate({ scrollTop: y }, 400);\n\n      \/\/ Met \u00e0 jour l\u2019URL sans jump\n      if (history.replaceState) history.replaceState(null, '', targetId);\n    });\n  }\n\n  \/\/ Document ready\n  $(function () {\n    setInnerLinks('blog-content', 'h2:not(.exclude-summary)');\n  });\n\n  \/\/ Optionnel: exporter la fonction\n  window.setInnerLinks = setInnerLinks;\n})(jQuery);\n<\/script>\n\n<div class=\"fusion-text fusion-text-1\"><h2 class=\"\" style=\"--fontsize: 40; line-height: 1.2;\" data-fontsize=\"40\" data-lineheight=\"48px\">1. Un d\u00e9fi in\u00e9vitable<\/h2>\n<p><b>IBM i est apparu sur le march\u00e9 il y a plus de trente ans et a connu de nombreuses innovations et transformations qui ont permis \u00e0 la plate-forme de rester \u00e0 la pointe de la technologie.<\/b> Parall\u00e8lement \u00e0 l&#8217;histoire de cette plate-forme, il existe l&#8217;histoire des professionnels qui se sont form\u00e9s et qui ont \u00e9volu\u00e9 avec IBM i au fil des ans. Ces d\u00e9veloppeurs ont une connaissance approfondie de la plate-forme IBM i et des d\u00e9cennies d&#8217;exp\u00e9rience. Mais tout naturellement, nous constatons que ces employ\u00e9s de longue date, qui d\u00e9tiennent de profonds puits d&#8217;information et de savoir-faire, sont aujourd&#8217;hui sur le point de partir \u00e0 la retraite. Avec les changements de personnel qui se profilent,<b> l<span style=\"color: var(--awb-text-color); font-family: var(--awb-text-font-family); font-size: var(--awb-font-size); font-style: var(--awb-text-font-style); letter-spacing: var(--awb-letter-spacing); text-align: var(--awb-content-alignment); text-transform: var(--awb-text-transform); background-color: var(--awb-bg-color-hover);\">e d\u00e9fi inh\u00e9rent consiste \u00e0 combler le manque de connaissances tout en pr\u00e9servant la p\u00e9rennit\u00e9 de l&#8217;h\u00e9ritage d&#8217;IBM i.<\/span><\/b><\/p>\n<h2 class=\"\" style=\"--fontsize: 40; line-height: 1.2;\" data-fontsize=\"40\" data-lineheight=\"48px\">2. Un si\u00e8ge \u00e0 la table<\/h2>\n<p>Les jeunes d\u00e9veloppeurs arrivent sur le lieu de travail avec une \u00e9nergie nouvelle, des id\u00e9es, une motivation et un savoir-faire technique intuitif, mais ils ne sont pas toujours capables ou d\u00e9sireux de g\u00e9rer un code h\u00e9rit\u00e9 sous la forme d&#8217;une colonne d\u00e9velopp\u00e9e pour un &#8220;\u00e9cran vert&#8221;. Les nombreuses \u00e9volutions de la plate-forme au fil des d\u00e9cennies s&#8217;accompagnent d&#8217;une multitude de connaissances requises pour fonctionner, et la formation des nouveaux employ\u00e9s dans cette optique peut s&#8217;av\u00e9rer une t\u00e2che consid\u00e9rable.<\/p>\n<p>Ce d\u00e9fi peut amener les entreprises \u00e0 envisager <b>d&#8217;abandonner la plate-forme IBM i et les forcer \u00e0 red\u00e9velopper leurs applications internes<\/b>, ou \u00e0 utiliser une <b>approche plus &#8220;pr\u00eate \u00e0 l&#8217;emploi&#8221; de la modernisation<\/b>. Il est clair que les deux m\u00e9thodes comportent de nombreux risques. Heureusement, ce ne sont pas les seuls choix possibles lorsque vous \u00eates confront\u00e9 \u00e0 une transition g\u00e9n\u00e9rationnelle au sein de votre \u00e9quipe informatique.<\/p>\n<\/div><\/div><\/div><div class=\"fusion-layout-column fusion_builder_column fusion-builder-column-1 fusion_builder_column_2_3 2_3 fusion-flex-column\" style=\"--awb-padding-top:40px;--awb-padding-right:40px;--awb-padding-bottom:25px;--awb-padding-left:40px;--awb-bg-color:rgba(232,232,232,0.38);--awb-bg-color-hover:rgba(232,232,232,0.38);--awb-bg-size:cover;--awb-border-color:#ea5050;--awb-border-left:7px;--awb-border-style:solid;--awb-width-large:66.666666666667%;--awb-margin-top-large:45px;--awb-spacing-right-large:2.88%;--awb-margin-bottom-large:20px;--awb-spacing-left-large:2.88%;--awb-width-medium:66.666666666667%;--awb-order-medium:0;--awb-spacing-right-medium:2.88%;--awb-spacing-left-medium:2.88%;--awb-width-small:100%;--awb-order-small:0;--awb-spacing-right-small:1.92%;--awb-spacing-left-small:1.92%;\"><div class=\"fusion-column-wrapper fusion-column-has-shadow fusion-flex-justify-content-flex-start fusion-content-layout-column\"><div class=\"fusion-text fusion-text-2 fusion-text-no-margin\" style=\"--awb-margin-bottom:5px;\"><p><strong>D\u00e9couvrez les jeunes talents de l&#8217;IBM i dans notre ARCAD i podcast 100% d\u00e9di\u00e9 \u00e0 la nouvelle g\u00e9n\u00e9ration de d\u00e9veloppeurs<\/strong><\/p>\n<\/div><div style=\"text-align:right;\"><a class=\"fusion-button button-flat button-xlarge button-custom fusion-button-default button-1 fusion-button-span-no fusion-button-default-type\" style=\"--button_accent_color:#ea5050;--button_border_color:#ea5050;--button_accent_hover_color:#437cb4;--button_border_hover_color:#437cb4;--button_border_width-top:0px;--button_border_width-right:0px;--button_border_width-bottom:0px;--button_border_width-left:0px;--button-border-radius-top-left:0px;--button-border-radius-top-right:0px;--button-border-radius-bottom-right:0px;--button-border-radius-bottom-left:0px;--button_gradient_top_color:rgba(255,255,255,0);--button_gradient_bottom_color:rgba(255,255,255,0);--button_gradient_top_color_hover:rgba(255,255,255,0);--button_gradient_bottom_color_hover:rgba(255,255,255,0);\" target=\"_blank\" rel=\"noopener noreferrer\" href=\"https:\/\/www.arcadsoftware.fr\/arcad\/ressources-en-telechargement\/all\/podcasts\/\"><span class=\"fusion-button-text awb-button__text awb-button__text--default\">\u00c9couter le podcast<\/span><i class=\"fa-arrow-right fas awb-button__icon awb-button__icon--default button-icon-right\" aria-hidden=\"true\"><\/i><\/a><\/div><\/div><\/div><div class=\"fusion-layout-column fusion_builder_column fusion-builder-column-2 fusion_builder_column_2_3 2_3 fusion-flex-column\" style=\"--awb-bg-blend:overlay;--awb-bg-size:cover;--awb-width-large:66.666666666667%;--awb-margin-top-large:0px;--awb-spacing-right-large:2.88%;--awb-margin-bottom-large:0px;--awb-spacing-left-large:2.88%;--awb-width-medium:100%;--awb-spacing-right-medium:1.92%;--awb-spacing-left-medium:1.92%;--awb-width-small:100%;--awb-spacing-right-small:1.92%;--awb-spacing-left-small:1.92%;\"><div class=\"fusion-column-wrapper fusion-column-has-shadow fusion-flex-justify-content-flex-start fusion-content-layout-column\"><div class=\"fusion-text fusion-text-3\"><h2>3. Modernisation<\/h2>\n<p><b>Un projet de modernisation d&#8217;IBM i peut aider \u00e0 combler le manque de connaissances et permettre aux d\u00e9veloppeurs exp\u00e9riment\u00e9s (5250) de travailler aux c\u00f4t\u00e9s de nouveaux talents<\/b>, tout en valorisant les actifs applicatifs de grande valeur d&#8217;IBM i et les avantages de la plate-forme sous-jacente en termes de fiabilit\u00e9 et de s\u00e9curit\u00e9.<\/p>\n<p><b>Les outils automatis\u00e9s peuvent acc\u00e9l\u00e9rer la modernisation :<\/b><\/p>\n<ul>\n<li>en transformant le code source et les bases de donn\u00e9es existantes, en mettant \u00e0 jour les interfaces utilisateur ;<\/li>\n<li>en cr\u00e9ant des couches de s\u00e9curit\u00e9 ;<\/li>\n<li>et, en fin de compte aidant \u00e0 combler le foss\u00e9 g\u00e9n\u00e9rationnel auquel de nombreuses organisations sont confront\u00e9es.<\/li>\n<\/ul>\n<p>Pourquoi perdre des d\u00e9cennies d&#8217;une plateforme fiable et s\u00e9curis\u00e9e alors que vous pouvez la faire entrer dans le XXIe si\u00e8cle avec plus de facilit\u00e9 que jamais ? <b>La modernisation pr\u00e9serve des d\u00e9cennies de propri\u00e9t\u00e9 intellectuelle, tout en augmentant la productivit\u00e9 et la rentabilit\u00e9.<\/b><\/p>\n<\/div><div class=\"fusion-image-element \" style=\"text-align:center;--awb-margin-top:20px;--awb-margin-bottom:20px;--awb-max-width:2000px;--awb-caption-title-font-family:var(--h2_typography-font-family);--awb-caption-title-font-weight:var(--h2_typography-font-weight);--awb-caption-title-font-style:var(--h2_typography-font-style);--awb-caption-title-size:var(--h2_typography-font-size);--awb-caption-title-transform:var(--h2_typography-text-transform);--awb-caption-title-line-height:var(--h2_typography-line-height);--awb-caption-title-letter-spacing:var(--h2_typography-letter-spacing);\"><span class=\" fusion-imageframe imageframe-none imageframe-1 hover-type-none\"><img decoding=\"async\" width=\"2000\" height=\"820\" alt=\"Modernization DevTestOps diagram - Profound only (2)\" title=\"Modernization DevTestOps diagram &#8211; Profound only (2)\" src=\"https:\/\/www.arcadsoftware.com\/arcad\/wp-content\/uploads\/2021\/11\/Modernization-DevTestOps-diagram-Profound-only-2.png\" class=\"img-responsive wp-image-52945\" srcset=\"https:\/\/www.arcadsoftware.fr\/arcad\/wp-content\/uploads\/2021\/11\/Modernization-DevTestOps-diagram-Profound-only-2-200x82.png 200w, https:\/\/www.arcadsoftware.fr\/arcad\/wp-content\/uploads\/2021\/11\/Modernization-DevTestOps-diagram-Profound-only-2-400x164.png 400w, https:\/\/www.arcadsoftware.fr\/arcad\/wp-content\/uploads\/2021\/11\/Modernization-DevTestOps-diagram-Profound-only-2-600x246.png 600w, https:\/\/www.arcadsoftware.fr\/arcad\/wp-content\/uploads\/2021\/11\/Modernization-DevTestOps-diagram-Profound-only-2-800x328.png 800w, https:\/\/www.arcadsoftware.fr\/arcad\/wp-content\/uploads\/2021\/11\/Modernization-DevTestOps-diagram-Profound-only-2-1200x492.png 1200w, https:\/\/www.arcadsoftware.fr\/arcad\/wp-content\/uploads\/2021\/11\/Modernization-DevTestOps-diagram-Profound-only-2.png 2000w\" sizes=\"(max-width: 640px) 100vw, 800px\" \/><\/span><\/div><div class=\"fusion-text fusion-text-4\" style=\"--awb-margin-top:20px;\"><h2>4. Nouveaux talents<\/h2>\n<p>Parmi tous les avantages \u00e9vidents d&#8217;un projet de modernisation d&#8217;IBM i, l&#8217;un d&#8217;entre eux devrait se d\u00e9marquer des autres : <b>la possibilit\u00e9 d&#8217;int\u00e9grer facilement de nouveaux talents dans votre \u00e9quipe et de les int\u00e9grer dans la structure de travail existante.<\/b> Avec des interfaces plus conviviales, un code modernis\u00e9 et des normes utilis\u00e9es partout, la formation de nouveaux employ\u00e9s devient un projet \u00e9volutif, plut\u00f4t qu&#8217;un projet de pr\u00e9servation.<\/p>\n<p>D\u00e9couvrez comment d\u00e9marrer votre projet de modernisation IBM i avec<b><a href=\"\/arcad\/produits\/arcad-for-ibm-i-modernization\/\"> nos outils de modernisation ARCAD for IBM i.<\/a><\/b><\/p>\n<\/div><\/div><\/div><\/div><\/div>\n","protected":false},"excerpt":{"rendered":"<p>IBM i est apparu sur le march\u00e9 il y a plus de trente ans et a connu de nombreuses innovations et transformations qui ont permis \u00e0 la plate-forme de rester \u00e0 la pointe de la technologie. Parall\u00e8lement \u00e0 l&#8217;histoire de cette plate-forme, il existe l&#8217;histoire des professionnels qui se sont form\u00e9s et qui ont \u00e9volu\u00e9 avec IBM i au fil des ans. <\/p>\n","protected":false},"author":16,"featured_media":52961,"comment_status":"closed","ping_status":"closed","sticky":false,"template":"","format":"standard","meta":{"footnotes":""},"categories":[246,244],"tags":[622,556],"class_list":["post-64597","post","type-post","status-publish","format-standard","has-post-thumbnail","hentry","category-blog-fr","category-infos-et-evenements","tag-blog-article-fr","tag-modernisation-ibm-i"],"yoast_head":"<!-- This site is optimized with the Yoast SEO plugin v27.3 - https:\/\/yoast.com\/product\/yoast-seo-wordpress\/ -->\n<title>IBM i : le d\u00e9fi de la transition g\u00e9n\u00e9rationnelle | Blog<\/title>\n<meta name=\"description\" content=\"D\u00e9couvrez comment relever le d\u00e9fi in\u00e9vitable de la transition g\u00e9n\u00e9rationnelle sur IBM i et comment la modernisation de la plateforme peut pr\u00e9server l&#039;h\u00e9ritage tout en int\u00e9grant de nouveaux talents.\" \/>\n<meta name=\"robots\" content=\"index, follow, max-snippet:-1, max-image-preview:large, max-video-preview:-1\" \/>\n<link rel=\"canonical\" href=\"https:\/\/www.arcadsoftware.fr\/arcad\/infos-et-evenements\/blog-fr\/ibm-i-le-defi-de-la-transition-generationnelle\/\" \/>\n<meta property=\"og:locale\" content=\"en_US\" \/>\n<meta property=\"og:type\" content=\"article\" \/>\n<meta property=\"og:title\" content=\"IBM i : le d\u00e9fi de la transition g\u00e9n\u00e9rationnelle | Blog\" \/>\n<meta property=\"og:description\" content=\"D\u00e9couvrez comment relever le d\u00e9fi in\u00e9vitable de la transition g\u00e9n\u00e9rationnelle sur IBM i et comment la modernisation de la plateforme peut pr\u00e9server l&#039;h\u00e9ritage tout en int\u00e9grant de nouveaux talents.\" \/>\n<meta property=\"og:url\" content=\"https:\/\/www.arcadsoftware.fr\/arcad\/infos-et-evenements\/blog-fr\/ibm-i-le-defi-de-la-transition-generationnelle\/\" \/>\n<meta property=\"og:site_name\" content=\"ARCAD\" \/>\n<meta property=\"article:publisher\" content=\"https:\/\/www.facebook.com\/pages\/Arcad-Software\/116086138469235\" \/>\n<meta property=\"article:published_time\" content=\"2024-03-14T08:41:07+00:00\" \/>\n<meta property=\"article:modified_time\" content=\"2024-03-29T15:59:08+00:00\" \/>\n<meta property=\"og:image\" content=\"https:\/\/www.arcadsoftware.fr\/arcad\/wp-content\/uploads\/2021\/11\/Banner-blog-article-IBM-i-the-challenge-of-generational-transition.png\" \/>\n\t<meta property=\"og:image:width\" content=\"940\" \/>\n\t<meta property=\"og:image:height\" content=\"350\" \/>\n\t<meta property=\"og:image:type\" content=\"image\/png\" \/>\n<meta name=\"author\" content=\"Myriam Goutte\" \/>\n<meta name=\"twitter:label1\" content=\"Written by\" \/>\n\t<meta name=\"twitter:data1\" content=\"Myriam Goutte\" \/>\n\t<meta name=\"twitter:label2\" content=\"Est. reading time\" \/>\n\t<meta name=\"twitter:data2\" content=\"4 minutes\" \/>\n<script type=\"application\/ld+json\" class=\"yoast-schema-graph\">{\"@context\":\"https:\\\/\\\/schema.org\",\"@graph\":[{\"@type\":\"Article\",\"@id\":\"https:\\\/\\\/www.arcadsoftware.fr\\\/arcad\\\/infos-et-evenements\\\/blog-fr\\\/ibm-i-le-defi-de-la-transition-generationnelle\\\/#article\",\"isPartOf\":{\"@id\":\"https:\\\/\\\/www.arcadsoftware.fr\\\/arcad\\\/infos-et-evenements\\\/blog-fr\\\/ibm-i-le-defi-de-la-transition-generationnelle\\\/\"},\"author\":{\"name\":\"Myriam Goutte\",\"@id\":\"https:\\\/\\\/www.arcadsoftware.com\\\/arcad\\\/#\\\/schema\\\/person\\\/56072f2a9491143460e3cadf23b9d730\"},\"headline\":\"IBM i : le d\u00e9fi de la transition g\u00e9n\u00e9rationnelle\",\"datePublished\":\"2024-03-14T08:41:07+00:00\",\"dateModified\":\"2024-03-29T15:59:08+00:00\",\"mainEntityOfPage\":{\"@id\":\"https:\\\/\\\/www.arcadsoftware.fr\\\/arcad\\\/infos-et-evenements\\\/blog-fr\\\/ibm-i-le-defi-de-la-transition-generationnelle\\\/\"},\"wordCount\":1327,\"publisher\":{\"@id\":\"https:\\\/\\\/www.arcadsoftware.com\\\/arcad\\\/#organization\"},\"image\":{\"@id\":\"https:\\\/\\\/www.arcadsoftware.fr\\\/arcad\\\/infos-et-evenements\\\/blog-fr\\\/ibm-i-le-defi-de-la-transition-generationnelle\\\/#primaryimage\"},\"thumbnailUrl\":\"https:\\\/\\\/www.arcadsoftware.fr\\\/arcad\\\/wp-content\\\/uploads\\\/2021\\\/11\\\/Banner-blog-article-IBM-i-the-challenge-of-generational-transition.png\",\"keywords\":[\"Blog Article\",\"Modernisation IBM i\"],\"articleSection\":[\"Blog\",\"Infos et Ev\u00e9n\u00e9ments\"],\"inLanguage\":\"en-US\"},{\"@type\":\"WebPage\",\"@id\":\"https:\\\/\\\/www.arcadsoftware.fr\\\/arcad\\\/infos-et-evenements\\\/blog-fr\\\/ibm-i-le-defi-de-la-transition-generationnelle\\\/\",\"url\":\"https:\\\/\\\/www.arcadsoftware.fr\\\/arcad\\\/infos-et-evenements\\\/blog-fr\\\/ibm-i-le-defi-de-la-transition-generationnelle\\\/\",\"name\":\"IBM i : le d\u00e9fi de la transition g\u00e9n\u00e9rationnelle | Blog\",\"isPartOf\":{\"@id\":\"https:\\\/\\\/www.arcadsoftware.com\\\/arcad\\\/#website\"},\"primaryImageOfPage\":{\"@id\":\"https:\\\/\\\/www.arcadsoftware.fr\\\/arcad\\\/infos-et-evenements\\\/blog-fr\\\/ibm-i-le-defi-de-la-transition-generationnelle\\\/#primaryimage\"},\"image\":{\"@id\":\"https:\\\/\\\/www.arcadsoftware.fr\\\/arcad\\\/infos-et-evenements\\\/blog-fr\\\/ibm-i-le-defi-de-la-transition-generationnelle\\\/#primaryimage\"},\"thumbnailUrl\":\"https:\\\/\\\/www.arcadsoftware.fr\\\/arcad\\\/wp-content\\\/uploads\\\/2021\\\/11\\\/Banner-blog-article-IBM-i-the-challenge-of-generational-transition.png\",\"datePublished\":\"2024-03-14T08:41:07+00:00\",\"dateModified\":\"2024-03-29T15:59:08+00:00\",\"description\":\"D\u00e9couvrez comment relever le d\u00e9fi in\u00e9vitable de la transition g\u00e9n\u00e9rationnelle sur IBM i et comment la modernisation de la plateforme peut pr\u00e9server l'h\u00e9ritage tout en int\u00e9grant de nouveaux talents.\",\"breadcrumb\":{\"@id\":\"https:\\\/\\\/www.arcadsoftware.fr\\\/arcad\\\/infos-et-evenements\\\/blog-fr\\\/ibm-i-le-defi-de-la-transition-generationnelle\\\/#breadcrumb\"},\"inLanguage\":\"en-US\",\"potentialAction\":[{\"@type\":\"ReadAction\",\"target\":[\"https:\\\/\\\/www.arcadsoftware.fr\\\/arcad\\\/infos-et-evenements\\\/blog-fr\\\/ibm-i-le-defi-de-la-transition-generationnelle\\\/\"]}]},{\"@type\":\"ImageObject\",\"inLanguage\":\"en-US\",\"@id\":\"https:\\\/\\\/www.arcadsoftware.fr\\\/arcad\\\/infos-et-evenements\\\/blog-fr\\\/ibm-i-le-defi-de-la-transition-generationnelle\\\/#primaryimage\",\"url\":\"https:\\\/\\\/www.arcadsoftware.fr\\\/arcad\\\/wp-content\\\/uploads\\\/2021\\\/11\\\/Banner-blog-article-IBM-i-the-challenge-of-generational-transition.png\",\"contentUrl\":\"https:\\\/\\\/www.arcadsoftware.fr\\\/arcad\\\/wp-content\\\/uploads\\\/2021\\\/11\\\/Banner-blog-article-IBM-i-the-challenge-of-generational-transition.png\",\"width\":940,\"height\":350,\"caption\":\"Banner blog article - IBM i the challenge of generational transition\"},{\"@type\":\"BreadcrumbList\",\"@id\":\"https:\\\/\\\/www.arcadsoftware.fr\\\/arcad\\\/infos-et-evenements\\\/blog-fr\\\/ibm-i-le-defi-de-la-transition-generationnelle\\\/#breadcrumb\",\"itemListElement\":[{\"@type\":\"ListItem\",\"position\":1,\"name\":\"ARCAD\",\"item\":\"https:\\\/\\\/www.arcadsoftware.com\\\/arcad\\\/\"},{\"@type\":\"ListItem\",\"position\":2,\"name\":\"IBM i : le d\u00e9fi de la transition g\u00e9n\u00e9rationnelle\"}]},{\"@type\":\"WebSite\",\"@id\":\"https:\\\/\\\/www.arcadsoftware.com\\\/arcad\\\/#website\",\"url\":\"https:\\\/\\\/www.arcadsoftware.com\\\/arcad\\\/\",\"name\":\"ARCAD\",\"description\":\"Experts DevOps &amp; Modernisation sur IBM i (alias AS\\\/400 ou AS400)\",\"publisher\":{\"@id\":\"https:\\\/\\\/www.arcadsoftware.com\\\/arcad\\\/#organization\"},\"potentialAction\":[{\"@type\":\"SearchAction\",\"target\":{\"@type\":\"EntryPoint\",\"urlTemplate\":\"https:\\\/\\\/www.arcadsoftware.com\\\/arcad\\\/?s={search_term_string}\"},\"query-input\":{\"@type\":\"PropertyValueSpecification\",\"valueRequired\":true,\"valueName\":\"search_term_string\"}}],\"inLanguage\":\"en-US\"},{\"@type\":\"Organization\",\"@id\":\"https:\\\/\\\/www.arcadsoftware.com\\\/arcad\\\/#organization\",\"name\":\"ARCAD Software\",\"url\":\"https:\\\/\\\/www.arcadsoftware.com\\\/arcad\\\/\",\"logo\":{\"@type\":\"ImageObject\",\"inLanguage\":\"en-US\",\"@id\":\"https:\\\/\\\/www.arcadsoftware.com\\\/arcad\\\/#\\\/schema\\\/logo\\\/image\\\/\",\"url\":\"https:\\\/\\\/www.arcadsoftware.com\\\/arcad\\\/wp-content\\\/uploads\\\/2017\\\/09\\\/arcad-group-logo-text-144.png\",\"contentUrl\":\"https:\\\/\\\/www.arcadsoftware.com\\\/arcad\\\/wp-content\\\/uploads\\\/2017\\\/09\\\/arcad-group-logo-text-144.png\",\"width\":144,\"height\":200,\"caption\":\"ARCAD Software\"},\"image\":{\"@id\":\"https:\\\/\\\/www.arcadsoftware.com\\\/arcad\\\/#\\\/schema\\\/logo\\\/image\\\/\"},\"sameAs\":[\"https:\\\/\\\/www.facebook.com\\\/pages\\\/Arcad-Software\\\/116086138469235\",\"https:\\\/\\\/x.com\\\/arcad_software\",\"https:\\\/\\\/www.linkedin.com\\\/company\\\/arcad-software\",\"https:\\\/\\\/www.youtube.com\\\/user\\\/ARCADSoftwareInc\"]},{\"@type\":\"Person\",\"@id\":\"https:\\\/\\\/www.arcadsoftware.com\\\/arcad\\\/#\\\/schema\\\/person\\\/56072f2a9491143460e3cadf23b9d730\",\"name\":\"Myriam Goutte\",\"url\":\"https:\\\/\\\/www.arcadsoftware.com\\\/arcad\\\/author\\\/myriam-goutte\\\/\"}]}<\/script>\n<!-- \/ Yoast SEO plugin. -->","yoast_head_json":{"title":"IBM i : le d\u00e9fi de la transition g\u00e9n\u00e9rationnelle | Blog","description":"D\u00e9couvrez comment relever le d\u00e9fi in\u00e9vitable de la transition g\u00e9n\u00e9rationnelle sur IBM i et comment la modernisation de la plateforme peut pr\u00e9server l'h\u00e9ritage tout en int\u00e9grant de nouveaux talents.","robots":{"index":"index","follow":"follow","max-snippet":"max-snippet:-1","max-image-preview":"max-image-preview:large","max-video-preview":"max-video-preview:-1"},"canonical":"https:\/\/www.arcadsoftware.fr\/arcad\/infos-et-evenements\/blog-fr\/ibm-i-le-defi-de-la-transition-generationnelle\/","og_locale":"en_US","og_type":"article","og_title":"IBM i : le d\u00e9fi de la transition g\u00e9n\u00e9rationnelle | Blog","og_description":"D\u00e9couvrez comment relever le d\u00e9fi in\u00e9vitable de la transition g\u00e9n\u00e9rationnelle sur IBM i et comment la modernisation de la plateforme peut pr\u00e9server l'h\u00e9ritage tout en int\u00e9grant de nouveaux talents.","og_url":"https:\/\/www.arcadsoftware.fr\/arcad\/infos-et-evenements\/blog-fr\/ibm-i-le-defi-de-la-transition-generationnelle\/","og_site_name":"ARCAD","article_publisher":"https:\/\/www.facebook.com\/pages\/Arcad-Software\/116086138469235","article_published_time":"2024-03-14T08:41:07+00:00","article_modified_time":"2024-03-29T15:59:08+00:00","og_image":[{"width":940,"height":350,"url":"https:\/\/www.arcadsoftware.fr\/arcad\/wp-content\/uploads\/2021\/11\/Banner-blog-article-IBM-i-the-challenge-of-generational-transition.png","type":"image\/png"}],"author":"Myriam Goutte","twitter_misc":{"Written by":"Myriam Goutte","Est. reading time":"4 minutes"},"schema":{"@context":"https:\/\/schema.org","@graph":[{"@type":"Article","@id":"https:\/\/www.arcadsoftware.fr\/arcad\/infos-et-evenements\/blog-fr\/ibm-i-le-defi-de-la-transition-generationnelle\/#article","isPartOf":{"@id":"https:\/\/www.arcadsoftware.fr\/arcad\/infos-et-evenements\/blog-fr\/ibm-i-le-defi-de-la-transition-generationnelle\/"},"author":{"name":"Myriam Goutte","@id":"https:\/\/www.arcadsoftware.com\/arcad\/#\/schema\/person\/56072f2a9491143460e3cadf23b9d730"},"headline":"IBM i : le d\u00e9fi de la transition g\u00e9n\u00e9rationnelle","datePublished":"2024-03-14T08:41:07+00:00","dateModified":"2024-03-29T15:59:08+00:00","mainEntityOfPage":{"@id":"https:\/\/www.arcadsoftware.fr\/arcad\/infos-et-evenements\/blog-fr\/ibm-i-le-defi-de-la-transition-generationnelle\/"},"wordCount":1327,"publisher":{"@id":"https:\/\/www.arcadsoftware.com\/arcad\/#organization"},"image":{"@id":"https:\/\/www.arcadsoftware.fr\/arcad\/infos-et-evenements\/blog-fr\/ibm-i-le-defi-de-la-transition-generationnelle\/#primaryimage"},"thumbnailUrl":"https:\/\/www.arcadsoftware.fr\/arcad\/wp-content\/uploads\/2021\/11\/Banner-blog-article-IBM-i-the-challenge-of-generational-transition.png","keywords":["Blog Article","Modernisation IBM i"],"articleSection":["Blog","Infos et Ev\u00e9n\u00e9ments"],"inLanguage":"en-US"},{"@type":"WebPage","@id":"https:\/\/www.arcadsoftware.fr\/arcad\/infos-et-evenements\/blog-fr\/ibm-i-le-defi-de-la-transition-generationnelle\/","url":"https:\/\/www.arcadsoftware.fr\/arcad\/infos-et-evenements\/blog-fr\/ibm-i-le-defi-de-la-transition-generationnelle\/","name":"IBM i : le d\u00e9fi de la transition g\u00e9n\u00e9rationnelle | Blog","isPartOf":{"@id":"https:\/\/www.arcadsoftware.com\/arcad\/#website"},"primaryImageOfPage":{"@id":"https:\/\/www.arcadsoftware.fr\/arcad\/infos-et-evenements\/blog-fr\/ibm-i-le-defi-de-la-transition-generationnelle\/#primaryimage"},"image":{"@id":"https:\/\/www.arcadsoftware.fr\/arcad\/infos-et-evenements\/blog-fr\/ibm-i-le-defi-de-la-transition-generationnelle\/#primaryimage"},"thumbnailUrl":"https:\/\/www.arcadsoftware.fr\/arcad\/wp-content\/uploads\/2021\/11\/Banner-blog-article-IBM-i-the-challenge-of-generational-transition.png","datePublished":"2024-03-14T08:41:07+00:00","dateModified":"2024-03-29T15:59:08+00:00","description":"D\u00e9couvrez comment relever le d\u00e9fi in\u00e9vitable de la transition g\u00e9n\u00e9rationnelle sur IBM i et comment la modernisation de la plateforme peut pr\u00e9server l'h\u00e9ritage tout en int\u00e9grant de nouveaux talents.","breadcrumb":{"@id":"https:\/\/www.arcadsoftware.fr\/arcad\/infos-et-evenements\/blog-fr\/ibm-i-le-defi-de-la-transition-generationnelle\/#breadcrumb"},"inLanguage":"en-US","potentialAction":[{"@type":"ReadAction","target":["https:\/\/www.arcadsoftware.fr\/arcad\/infos-et-evenements\/blog-fr\/ibm-i-le-defi-de-la-transition-generationnelle\/"]}]},{"@type":"ImageObject","inLanguage":"en-US","@id":"https:\/\/www.arcadsoftware.fr\/arcad\/infos-et-evenements\/blog-fr\/ibm-i-le-defi-de-la-transition-generationnelle\/#primaryimage","url":"https:\/\/www.arcadsoftware.fr\/arcad\/wp-content\/uploads\/2021\/11\/Banner-blog-article-IBM-i-the-challenge-of-generational-transition.png","contentUrl":"https:\/\/www.arcadsoftware.fr\/arcad\/wp-content\/uploads\/2021\/11\/Banner-blog-article-IBM-i-the-challenge-of-generational-transition.png","width":940,"height":350,"caption":"Banner blog article - IBM i the challenge of generational transition"},{"@type":"BreadcrumbList","@id":"https:\/\/www.arcadsoftware.fr\/arcad\/infos-et-evenements\/blog-fr\/ibm-i-le-defi-de-la-transition-generationnelle\/#breadcrumb","itemListElement":[{"@type":"ListItem","position":1,"name":"ARCAD","item":"https:\/\/www.arcadsoftware.com\/arcad\/"},{"@type":"ListItem","position":2,"name":"IBM i : le d\u00e9fi de la transition g\u00e9n\u00e9rationnelle"}]},{"@type":"WebSite","@id":"https:\/\/www.arcadsoftware.com\/arcad\/#website","url":"https:\/\/www.arcadsoftware.com\/arcad\/","name":"ARCAD","description":"Experts DevOps &amp; Modernisation sur IBM i (alias AS\/400 ou AS400)","publisher":{"@id":"https:\/\/www.arcadsoftware.com\/arcad\/#organization"},"potentialAction":[{"@type":"SearchAction","target":{"@type":"EntryPoint","urlTemplate":"https:\/\/www.arcadsoftware.com\/arcad\/?s={search_term_string}"},"query-input":{"@type":"PropertyValueSpecification","valueRequired":true,"valueName":"search_term_string"}}],"inLanguage":"en-US"},{"@type":"Organization","@id":"https:\/\/www.arcadsoftware.com\/arcad\/#organization","name":"ARCAD Software","url":"https:\/\/www.arcadsoftware.com\/arcad\/","logo":{"@type":"ImageObject","inLanguage":"en-US","@id":"https:\/\/www.arcadsoftware.com\/arcad\/#\/schema\/logo\/image\/","url":"https:\/\/www.arcadsoftware.com\/arcad\/wp-content\/uploads\/2017\/09\/arcad-group-logo-text-144.png","contentUrl":"https:\/\/www.arcadsoftware.com\/arcad\/wp-content\/uploads\/2017\/09\/arcad-group-logo-text-144.png","width":144,"height":200,"caption":"ARCAD Software"},"image":{"@id":"https:\/\/www.arcadsoftware.com\/arcad\/#\/schema\/logo\/image\/"},"sameAs":["https:\/\/www.facebook.com\/pages\/Arcad-Software\/116086138469235","https:\/\/x.com\/arcad_software","https:\/\/www.linkedin.com\/company\/arcad-software","https:\/\/www.youtube.com\/user\/ARCADSoftwareInc"]},{"@type":"Person","@id":"https:\/\/www.arcadsoftware.com\/arcad\/#\/schema\/person\/56072f2a9491143460e3cadf23b9d730","name":"Myriam Goutte","url":"https:\/\/www.arcadsoftware.com\/arcad\/author\/myriam-goutte\/"}]}},"_links":{"self":[{"href":"https:\/\/www.arcadsoftware.fr\/arcad\/wp-json\/wp\/v2\/posts\/64597","targetHints":{"allow":["GET"]}}],"collection":[{"href":"https:\/\/www.arcadsoftware.fr\/arcad\/wp-json\/wp\/v2\/posts"}],"about":[{"href":"https:\/\/www.arcadsoftware.fr\/arcad\/wp-json\/wp\/v2\/types\/post"}],"author":[{"embeddable":true,"href":"https:\/\/www.arcadsoftware.fr\/arcad\/wp-json\/wp\/v2\/users\/16"}],"replies":[{"embeddable":true,"href":"https:\/\/www.arcadsoftware.fr\/arcad\/wp-json\/wp\/v2\/comments?post=64597"}],"version-history":[{"count":4,"href":"https:\/\/www.arcadsoftware.fr\/arcad\/wp-json\/wp\/v2\/posts\/64597\/revisions"}],"predecessor-version":[{"id":65540,"href":"https:\/\/www.arcadsoftware.fr\/arcad\/wp-json\/wp\/v2\/posts\/64597\/revisions\/65540"}],"wp:featuredmedia":[{"embeddable":true,"href":"https:\/\/www.arcadsoftware.fr\/arcad\/wp-json\/wp\/v2\/media\/52961"}],"wp:attachment":[{"href":"https:\/\/www.arcadsoftware.fr\/arcad\/wp-json\/wp\/v2\/media?parent=64597"}],"wp:term":[{"taxonomy":"category","embeddable":true,"href":"https:\/\/www.arcadsoftware.fr\/arcad\/wp-json\/wp\/v2\/categories?post=64597"},{"taxonomy":"post_tag","embeddable":true,"href":"https:\/\/www.arcadsoftware.fr\/arcad\/wp-json\/wp\/v2\/tags?post=64597"}],"curies":[{"name":"wp","href":"https:\/\/api.w.org\/{rel}","templated":true}]}}