{"id":1148,"date":"2025-12-30T15:41:01","date_gmt":"2025-12-30T14:41:01","guid":{"rendered":"https:\/\/www.arcadsoftware.com\/discover\/?p=1148"},"modified":"2026-01-23T16:50:37","modified_gmt":"2026-01-23T15:50:37","slug":"tendances-2026-vision-strategique-arcad","status":"publish","type":"post","link":"https:\/\/www.arcadsoftware.fr\/discover\/ressources\/webinars-fr\/tendances-2026-vision-strategique-arcad\/","title":{"rendered":"Tendances 2026 : vision strat\u00e9gique d\u2019ARCAD Software"},"content":{"rendered":"<div class=\"fusion-fullwidth fullwidth-box fusion-builder-row-1 fusion-flex-container hundred-percent-fullwidth non-hundred-percent-height-scrolling\" style=\"--awb-border-radius-top-left:0px;--awb-border-radius-top-right:0px;--awb-border-radius-bottom-right:0px;--awb-border-radius-bottom-left:0px;--awb-overflow:visible;--awb-flex-wrap:wrap;\" ><div class=\"fusion-builder-row fusion-row fusion-flex-align-items-flex-start fusion-flex-content-wrap\" style=\"width:104% !important;max-width:104% !important;margin-left: calc(-4% \/ 2 );margin-right: calc(-4% \/ 2 );\"><div class=\"fusion-layout-column fusion_builder_column fusion-builder-column-0 fusion_builder_column_2_3 2_3 fusion-flex-column\" style=\"--awb-bg-blend:overlay;--awb-bg-size:cover;--awb-width-large:66.666666666667%;--awb-margin-top-large:0px;--awb-spacing-right-large:5.76%;--awb-margin-bottom-large:20px;--awb-spacing-left-large:2.88%;--awb-width-medium:66.666666666667%;--awb-spacing-right-medium:5.76%;--awb-spacing-left-medium:2.88%;--awb-width-small:100%;--awb-spacing-right-small:1.92%;--awb-spacing-left-small:1.92%;\"><div class=\"fusion-column-wrapper fusion-flex-justify-content-flex-start fusion-content-layout-column\"><div class=\"fusion-title title fusion-title-1 fusion-sep-none fusion-title-text fusion-title-size-one\" style=\"--awb-text-color:var(--awb-color5);--awb-margin-top:0px;--awb-margin-top-small:10px;--awb-margin-right-small:0px;--awb-margin-bottom-small:10px;--awb-margin-left-small:0px;--awb-font-size:30px;\"><h1 class=\"fusion-title-heading title-heading-left\" style=\"font-family:&quot;Poppins&quot;;font-style:normal;font-weight:800;margin:0;font-size:1em;line-height:40px;\">Tendances 2026 : vision strat\u00e9gique d\u2019ARCAD Software<\/h1><\/div><div class=\"fusion-text fusion-text-1\"><p>Entre l\u2019acc\u00e9l\u00e9ration de <b>l\u2019intelligence artificielle<\/b>, la pression constante pour moderniser les syst\u00e8mes existants et des exigences de s\u00e9curit\u00e9 toujours plus fortes, 2026 s\u2019impose comme une ann\u00e9e d\u00e9cisive pour les plateformes Legacy.<\/p>\n<p>En ce d\u00e9but d\u2019ann\u00e9e, ce webinar propose un \u00e9clairage strat\u00e9gique sur l\u2019avenir de ces environnements critiques, au c\u0153ur des syst\u00e8mes d\u2019information.<\/p>\n<p>Rejoignez Philippe Magne, PDG d\u2019ARCAD Software, qui partagera son analyse des <strong> grandes tendances<\/strong> et des questions structurantes auxquelles font face les organisations :<\/p>\n<ul>\n<li><strong>DevSecOps<\/strong> : quelles sont les tendances actuelles dans la transformation DevOps ?<\/li>\n<li><strong>Intelligence artificielle g\u00e9n\u00e9rative<\/strong> : quels cas d\u2019usage concrets et quels b\u00e9n\u00e9fices mesurables pour le d\u00e9veloppement et la maintenance applicative ?<\/li>\n<li><strong>S\u00e9curit\u00e9 des applications critiques<\/strong> : comment r\u00e9pondre \u00e0 des menaces croissantes et sophistiqu\u00e9es ?<\/li>\n<li><strong>Cloud et hybridation<\/strong> : comment les patrimoines applicatifs s\u2019inscrivent-ils dans les strat\u00e9gies Cloud actuelles ?<\/li>\n<\/ul>\n<p><span style=\"background-color: rgba(0, 0, 0, 0);\">\u279c Dans ce replay, d\u00e9couvrez la vision d\u2019ARCAD Software sur la <b>strat\u00e9gique et op\u00e9rationnelle<\/b> pour comprendre les d\u00e9fis de 2026 et prendre des d\u00e9cisions \u00e9clair\u00e9es sur l\u2019\u00e9volution de vos applications critiques.<\/span><\/p>\n<p><b>0:00<\/b> \u2013 Vision strat\u00e9gique ARCAD &amp; tendances 2026<b><br \/>\n2:00 <\/b>\u2013 IA &amp; Application Intelligence : comprendre le legacy pour \u00e9voluer<b><br \/>\n11:00 <\/b>\u2013 Modernisation, DevOps &amp; Platform Engineering sans rupture<b><br \/>\n24:50<\/b> \u2013 S\u00e9curit\u00e9, DevSecOps &amp; gouvernance du changement<b><br \/>\n30:00<\/b> \u2013 Donn\u00e9es, anonymisation &amp; IA responsable<b><br \/>\n36:00<\/b> \u2013 Conclusion, perspectives &amp; Q&amp;A<\/p>\n<\/div><\/div><\/div><div class=\"fusion-layout-column fusion_builder_column fusion-builder-column-1 fusion_builder_column_1_3 1_3 fusion-flex-column resource-download-form webinar-registration-form \" style=\"--awb-bg-blend:overlay;--awb-bg-size:cover;--awb-width-large:33.333333333333%;--awb-margin-top-large:0px;--awb-spacing-right-large:5.76%;--awb-margin-bottom-large:20px;--awb-spacing-left-large:5.76%;--awb-width-medium:33.333333333333%;--awb-spacing-right-medium:5.76%;--awb-spacing-left-medium:5.76%;--awb-width-small:100%;--awb-spacing-right-small:1.92%;--awb-spacing-left-small:1.92%;\"><div class=\"fusion-column-wrapper fusion-flex-justify-content-flex-start fusion-content-layout-column\"><div class=\"fusion-title title fusion-title-2 fusion-sep-none fusion-title-center fusion-title-text fusion-title-size-two\" style=\"--awb-text-color:var(--awb-color5);--awb-margin-bottom:40px;--awb-margin-top-small:10px;--awb-margin-right-small:0px;--awb-margin-bottom-small:10px;--awb-margin-left-small:0px;--awb-font-size:28px;\"><h2 class=\"fusion-title-heading title-heading-center\" style=\"margin:0;font-size:1em;\"><p class=\"title-heading-center\">Visionnez le webinar !<\/p>\n<div id=\"gtx-trans\" style=\"position: absolute; left: -1px; top: -10px;\">\n<div class=\"gtx-trans-icon\"><\/div>\n<\/div><\/h2><\/div><!-- [if lte IE 8]><script charset=\"utf-8\" type=\"text\/javascript\" src=\"\/\/js.hsforms.net\/forms\/v2-legacy.js\"><\/script><![endif]--><script charset=\"utf-8\" type=\"text\/javascript\" src=\"\/\/js.hsforms.net\/forms\/v2.js\"><\/script><script>\n  hbspt.forms.create({\n\n    portalId: \"4514828\",\n\n    formId: \"64bacf5a-5922-4eaf-aba0-38012b8fb8a8\",\n\n     css: \"\",\n\n        blockedDomains: [\"freschelegacy.com\",\"freschesolutions.com\",\"rocketsoftware.com\",\"softlanding.com\",\"mkssoftware.com\",\"midrangedynamics.com\",\"remainsoftware.com\",\"taskforce-it.de\",\"origsoft.com\",\"itheis.com\",\"idinfo-conseil.com\",\"broadcom.com\",\"rs.com\",\"idinfo.eu\",\"looksoftware.com\",\"proximity.co.uk\",\"bigblue.it\",\"xhypm.com\",\"seagullsoftware.com\",\"seagullsoftware.com\",\"xcase.com\",\"comsid.de\",\"genebag.com\",\"mailo.com\",\"neuf.fr\",\"pks.de\",\"armonie.group\",\"pascalpolverini.com\",\"polverinipartners.com\",\"systnaps.com\",\"sarus.tech\",\"microfocus.com\",\"opentext.com\",\"md-na.com\",\"redbourn.co.uk\",\"omninet.be\",\"cdinvest.be\",\"cdinvest.eu\",\"ptc.com\",\"alvinecapital.co.uk\",\"katchou.eu\",\"talend.com\",\"bartech.es\"],\n\n        translations: {\n\n            fr: {\n\n             required: \"Ce champs est requis.\",\n\n             missingSelect: \"Ce champs est requis.\",\n\n             forbiddenEmailDomain: \"Veuillez saisir une adresse professionnelle\",\n\n             manuallyBlockedEmailDomain: \"Veuillez saisir une adresse professionnelle\", \n\n             submitText: \"Voir le replay\"\n\n           }\n\n       }\n\n});\n<\/script><\/div><\/div><div class=\"fusion-layout-column fusion_builder_column fusion-builder-column-2 fusion_builder_column_1_1 1_1 fusion-flex-column fusion-flex-align-self-flex-start fusion-column-no-min-height\" style=\"--awb-bg-blend:overlay;--awb-bg-size:cover;--awb-width-large:100%;--awb-margin-top-large:0px;--awb-spacing-right-large:1.92%;--awb-margin-bottom-large:20px;--awb-spacing-left-large:1.92%;--awb-width-medium:100%;--awb-spacing-right-medium:1.92%;--awb-spacing-left-medium:1.92%;--awb-width-small:100%;--awb-spacing-right-small:1.92%;--awb-spacing-left-small:1.92%;\"><div class=\"fusion-column-wrapper fusion-flex-justify-content-flex-start fusion-content-layout-column\"><div class=\"fusion-title title fusion-title-3 fusion-sep-none fusion-title-text fusion-title-size-two\" style=\"--awb-text-color:var(--awb-color5);--awb-margin-bottom:5px;--awb-margin-top-small:20px;--awb-margin-right-small:0px;--awb-margin-bottom-small:0px;--awb-margin-left-small:0px;--awb-font-size:23px;\"><h2 class=\"fusion-title-heading title-heading-left\" style=\"margin:0;font-size:1em;\"><p class=\"title-heading-left fusion-responsive-typography-calculated\">Intervenants<\/p><\/h2><\/div><\/div><\/div><div class=\"fusion-layout-column fusion_builder_column fusion-builder-column-3 fusion-flex-column\" style=\"--awb-bg-blend:overlay;--awb-bg-size:cover;--awb-width-large:auto;--awb-margin-top-large:0px;--awb-spacing-right-large:2%;--awb-margin-bottom-large:20px;--awb-spacing-left-large:2%;--awb-width-medium:auto;--awb-spacing-right-medium:2%;--awb-spacing-left-medium:2%;--awb-width-small:100%;--awb-spacing-right-small:1.92%;--awb-spacing-left-small:1.92%;\"><div class=\"fusion-column-wrapper fusion-flex-justify-content-flex-start fusion-content-layout-column\"><div class=\"fusion-text fusion-text-2\"><p><img decoding=\"async\" class=\"lazyload alignnone wp-image-74137\" src=\"data:image\/svg+xml,%3Csvg%20xmlns%3D%27http%3A%2F%2Fwww.w3.org%2F2000%2Fsvg%27%20width%3D%27150%27%20height%3D%27150%27%20viewBox%3D%270%200%20150%20150%27%3E%3Crect%20width%3D%27150%27%20height%3D%27150%27%20fill-opacity%3D%220%22%2F%3E%3C%2Fsvg%3E\" data-orig-src=\"https:\/\/www.arcadsoftware.fr\/arcad\/wp-content\/uploads\/2025\/10\/Photo-Signitic-Philippe-Magne-2.png\" alt=\"\" width=\"150\" height=\"150\" \/><\/p>\n<\/div><\/div><\/div><div class=\"fusion-layout-column fusion_builder_column fusion-builder-column-4 fusion_builder_column_5_6 5_6 fusion-flex-column\" style=\"--awb-bg-blend:overlay;--awb-bg-size:cover;--awb-width-large:83.333333333333%;--awb-margin-top-large:0px;--awb-spacing-right-large:2.304%;--awb-margin-bottom-large:20px;--awb-spacing-left-large:2.304%;--awb-width-medium:83.333333333333%;--awb-spacing-right-medium:2.304%;--awb-spacing-left-medium:2.304%;--awb-width-small:100%;--awb-spacing-right-small:1.92%;--awb-spacing-left-small:1.92%;\"><div class=\"fusion-column-wrapper fusion-flex-justify-content-flex-start fusion-content-layout-column\"><div class=\"fusion-title title fusion-title-4 fusion-sep-none fusion-title-text fusion-title-size-three\" style=\"--awb-text-color:var(--awb-color5);--awb-margin-top:0px;--awb-margin-bottom:0px;--awb-margin-top-small:0px;--awb-margin-right-small:0px;--awb-margin-bottom-small:0px;--awb-margin-left-small:0px;--awb-font-size:20px;\"><h3 class=\"fusion-title-heading title-heading-left\" style=\"font-family:&quot;Poppins&quot;;font-style:normal;font-weight:600;margin:0;font-size:1em;\">Philippe Magne<\/p>\n<div id=\"gtx-trans\" style=\"position: absolute; left: -35px; top: 38px;\">\n<div class=\"gtx-trans-icon\"><\/div>\n<\/div><\/h3><\/div><div class=\"fusion-title title fusion-title-5 fusion-sep-none fusion-title-text fusion-title-size-four\" style=\"--awb-text-color:var(--awb-color5);--awb-margin-top:0px;--awb-margin-bottom:5px;--awb-margin-top-small:5px;--awb-margin-right-small:0px;--awb-margin-bottom-small:5px;--awb-margin-left-small:0px;--awb-font-size:20px;\"><h4 class=\"fusion-title-heading title-heading-left\" style=\"font-family:&quot;Poppins&quot;;font-style:normal;font-weight:400;margin:0;font-size:1em;\">PDG, ARCAD Software<\/p>\n<div id=\"gtx-trans\" style=\"position: absolute; left: -162px; top: 38px;\">\n<div class=\"gtx-trans-icon\"><\/div>\n<\/div><\/h4><\/div><div class=\"fusion-text fusion-text-3\"><p>Philippe Magne est le PDG et le Fondateur du groupe ARCAD Software, un \u00e9diteur de logiciels international sp\u00e9cialis\u00e9 dans les solutions multi-plateformes pour DevOps, la modernisation d\u2019applications, l\u2019automatisation des tests et le masquage des donn\u00e9es. Il dirige l\u2019entreprise pour produire une gamme de solutions compl\u00e8tes et int\u00e9gr\u00e9es, distribu\u00e9es par IBM dans le monde entier. Philippe est un expert de la modernisation et est un conf\u00e9rencier reconnu dans les \u00e9v\u00e9nements IBM.<\/p>\n<\/div><\/div><\/div><\/div><\/div>\n","protected":false},"excerpt":{"rendered":"<p>Tendances IT 2026 : IA, DevSecOps, s\u00e9curit\u00e9 et cloud. Une vision strat\u00e9gique d\u2019ARCAD pour anticiper l\u2019\u00e9volution des applications critiques.<\/p>\n","protected":false},"author":2,"featured_media":1204,"comment_status":"closed","ping_status":"closed","sticky":false,"template":"","format":"standard","meta":{"footnotes":""},"categories":[36],"tags":[],"class_list":["post-1148","post","type-post","status-publish","format-standard","has-post-thumbnail","hentry","category-webinars-fr"],"yoast_head":"<!-- This site is optimized with the Yoast SEO plugin v27.1.1 - https:\/\/yoast.com\/product\/yoast-seo-wordpress\/ -->\n<title>Tendances 2026 : vision strat\u00e9gique d\u2019ARCAD<\/title>\n<meta name=\"description\" content=\"Tendances IT 2026 : IA, DevSecOps, s\u00e9curit\u00e9 et cloud. Une vision strat\u00e9gique d\u2019ARCAD pour anticiper l\u2019\u00e9volution des applications critiques.\" \/>\n<meta name=\"robots\" content=\"index, follow, max-snippet:-1, max-image-preview:large, max-video-preview:-1\" \/>\n<link rel=\"canonical\" href=\"https:\/\/www.arcadsoftware.fr\/arcad\/infos-et-evenements\/webinars-a-revoir\/tendances-2026-vision-strategique-arcad\/\" \/>\n<meta property=\"og:locale\" content=\"en_US\" \/>\n<meta property=\"og:type\" content=\"article\" \/>\n<meta property=\"og:title\" content=\"Tendances 2026 : vision strat\u00e9gique d\u2019ARCAD\" \/>\n<meta property=\"og:description\" content=\"Tendances IT 2026 : IA, DevSecOps, s\u00e9curit\u00e9 et cloud. Une vision strat\u00e9gique d\u2019ARCAD pour anticiper l\u2019\u00e9volution des applications critiques.\" \/>\n<meta property=\"og:url\" content=\"https:\/\/www.arcadsoftware.fr\/arcad\/infos-et-evenements\/webinars-a-revoir\/tendances-2026-vision-strategique-arcad\/\" \/>\n<meta property=\"og:site_name\" content=\"DISCOVER\" \/>\n<meta property=\"article:published_time\" content=\"2025-12-30T14:41:01+00:00\" \/>\n<meta property=\"article:modified_time\" content=\"2026-01-23T15:50:37+00:00\" \/>\n<meta property=\"og:image\" content=\"https:\/\/www.arcadsoftware.fr\/discover\/wp-content\/uploads\/2025\/12\/banniere-webinar-tendances-arcad-ia-2026.png\" \/>\n\t<meta property=\"og:image:width\" content=\"940\" \/>\n\t<meta property=\"og:image:height\" content=\"350\" \/>\n\t<meta property=\"og:image:type\" content=\"image\/png\" \/>\n<meta name=\"author\" content=\"Myriam Goutte\" \/>\n<meta name=\"twitter:card\" content=\"summary_large_image\" \/>\n<meta name=\"twitter:label1\" content=\"Written by\" \/>\n\t<meta name=\"twitter:data1\" content=\"Myriam Goutte\" \/>\n\t<meta name=\"twitter:label2\" content=\"Est. reading time\" \/>\n\t<meta name=\"twitter:data2\" content=\"2 minutes\" \/>\n<script type=\"application\/ld+json\" class=\"yoast-schema-graph\">{\"@context\":\"https:\/\/schema.org\",\"@graph\":[{\"@type\":\"Article\",\"@id\":\"https:\/\/www.arcadsoftware.fr\/arcad\/infos-et-evenements\/webinars-a-revoir\/tendances-2026-vision-strategique-arcad\/#article\",\"isPartOf\":{\"@id\":\"https:\/\/www.arcadsoftware.fr\/discover\/ressources\/webinars-fr\/tendances-2026-vision-strategique-arcad\/\"},\"author\":{\"name\":\"Myriam Goutte\",\"@id\":\"https:\/\/www.arcadsoftware.com\/discover\/#\/schema\/person\/b87b7de46d0c60123a65cbd18026d2e3\"},\"headline\":\"Tendances 2026 : vision strat\u00e9gique d\u2019ARCAD Software\",\"datePublished\":\"2025-12-30T14:41:01+00:00\",\"dateModified\":\"2026-01-23T15:50:37+00:00\",\"mainEntityOfPage\":{\"@id\":\"https:\/\/www.arcadsoftware.fr\/discover\/ressources\/webinars-fr\/tendances-2026-vision-strategique-arcad\/\"},\"wordCount\":1691,\"image\":{\"@id\":\"https:\/\/www.arcadsoftware.fr\/arcad\/infos-et-evenements\/webinars-a-revoir\/tendances-2026-vision-strategique-arcad\/#primaryimage\"},\"thumbnailUrl\":\"https:\/\/www.arcadsoftware.fr\/discover\/wp-content\/uploads\/2025\/12\/banniere-webinar-tendances-arcad-ia-2026.png\",\"articleSection\":[\"Webinars\"],\"inLanguage\":\"en-US\"},{\"@type\":\"WebPage\",\"@id\":\"https:\/\/www.arcadsoftware.fr\/discover\/ressources\/webinars-fr\/tendances-2026-vision-strategique-arcad\/\",\"url\":\"https:\/\/www.arcadsoftware.fr\/arcad\/infos-et-evenements\/webinars-a-revoir\/tendances-2026-vision-strategique-arcad\/\",\"name\":\"Tendances 2026 : vision strat\u00e9gique d\u2019ARCAD\",\"isPartOf\":{\"@id\":\"https:\/\/www.arcadsoftware.com\/discover\/#website\"},\"primaryImageOfPage\":{\"@id\":\"https:\/\/www.arcadsoftware.fr\/arcad\/infos-et-evenements\/webinars-a-revoir\/tendances-2026-vision-strategique-arcad\/#primaryimage\"},\"image\":{\"@id\":\"https:\/\/www.arcadsoftware.fr\/arcad\/infos-et-evenements\/webinars-a-revoir\/tendances-2026-vision-strategique-arcad\/#primaryimage\"},\"thumbnailUrl\":\"https:\/\/www.arcadsoftware.fr\/discover\/wp-content\/uploads\/2025\/12\/banniere-webinar-tendances-arcad-ia-2026.png\",\"datePublished\":\"2025-12-30T14:41:01+00:00\",\"dateModified\":\"2026-01-23T15:50:37+00:00\",\"author\":{\"@id\":\"https:\/\/www.arcadsoftware.com\/discover\/#\/schema\/person\/b87b7de46d0c60123a65cbd18026d2e3\"},\"description\":\"Tendances IT 2026 : IA, DevSecOps, s\u00e9curit\u00e9 et cloud. Une vision strat\u00e9gique d\u2019ARCAD pour anticiper l\u2019\u00e9volution des applications critiques.\",\"breadcrumb\":{\"@id\":\"https:\/\/www.arcadsoftware.fr\/arcad\/infos-et-evenements\/webinars-a-revoir\/tendances-2026-vision-strategique-arcad\/#breadcrumb\"},\"inLanguage\":\"en-US\",\"potentialAction\":[{\"@type\":\"ReadAction\",\"target\":[\"https:\/\/www.arcadsoftware.fr\/arcad\/infos-et-evenements\/webinars-a-revoir\/tendances-2026-vision-strategique-arcad\/\"]}]},{\"@type\":\"ImageObject\",\"inLanguage\":\"en-US\",\"@id\":\"https:\/\/www.arcadsoftware.fr\/arcad\/infos-et-evenements\/webinars-a-revoir\/tendances-2026-vision-strategique-arcad\/#primaryimage\",\"url\":\"https:\/\/www.arcadsoftware.fr\/discover\/wp-content\/uploads\/2025\/12\/banniere-webinar-tendances-arcad-ia-2026.png\",\"contentUrl\":\"https:\/\/www.arcadsoftware.fr\/discover\/wp-content\/uploads\/2025\/12\/banniere-webinar-tendances-arcad-ia-2026.png\",\"width\":940,\"height\":350,\"caption\":\"Banni\u00e8re replay Webinar Tendances IA 2026\"},{\"@type\":\"BreadcrumbList\",\"@id\":\"https:\/\/www.arcadsoftware.fr\/arcad\/infos-et-evenements\/webinars-a-revoir\/tendances-2026-vision-strategique-arcad\/#breadcrumb\",\"itemListElement\":[{\"@type\":\"ListItem\",\"position\":1,\"name\":\"Home\",\"item\":\"https:\/\/www.arcadsoftware.com\/discover\/\"},{\"@type\":\"ListItem\",\"position\":2,\"name\":\"Tendances 2026 : vision strat\u00e9gique d\u2019ARCAD Software\"}]},{\"@type\":\"WebSite\",\"@id\":\"https:\/\/www.arcadsoftware.com\/discover\/#website\",\"url\":\"https:\/\/www.arcadsoftware.com\/discover\/\",\"name\":\"DISCOVER - AI Assistant for Application Analysis\",\"description\":\"AI Assistant for Application Analysis\",\"potentialAction\":[{\"@type\":\"SearchAction\",\"target\":{\"@type\":\"EntryPoint\",\"urlTemplate\":\"https:\/\/www.arcadsoftware.com\/discover\/?s={search_term_string}\"},\"query-input\":{\"@type\":\"PropertyValueSpecification\",\"valueRequired\":true,\"valueName\":\"search_term_string\"}}],\"inLanguage\":\"en-US\"},{\"@type\":\"Person\",\"@id\":\"https:\/\/www.arcadsoftware.com\/discover\/#\/schema\/person\/b87b7de46d0c60123a65cbd18026d2e3\",\"name\":\"Myriam Goutte\"}]}<\/script>\n<!-- \/ Yoast SEO plugin. -->","yoast_head_json":{"title":"Tendances 2026 : vision strat\u00e9gique d\u2019ARCAD","description":"Tendances IT 2026 : IA, DevSecOps, s\u00e9curit\u00e9 et cloud. Une vision strat\u00e9gique d\u2019ARCAD pour anticiper l\u2019\u00e9volution des applications critiques.","robots":{"index":"index","follow":"follow","max-snippet":"max-snippet:-1","max-image-preview":"max-image-preview:large","max-video-preview":"max-video-preview:-1"},"canonical":"https:\/\/www.arcadsoftware.fr\/arcad\/infos-et-evenements\/webinars-a-revoir\/tendances-2026-vision-strategique-arcad\/","og_locale":"en_US","og_type":"article","og_title":"Tendances 2026 : vision strat\u00e9gique d\u2019ARCAD","og_description":"Tendances IT 2026 : IA, DevSecOps, s\u00e9curit\u00e9 et cloud. Une vision strat\u00e9gique d\u2019ARCAD pour anticiper l\u2019\u00e9volution des applications critiques.","og_url":"https:\/\/www.arcadsoftware.fr\/arcad\/infos-et-evenements\/webinars-a-revoir\/tendances-2026-vision-strategique-arcad\/","og_site_name":"DISCOVER","article_published_time":"2025-12-30T14:41:01+00:00","article_modified_time":"2026-01-23T15:50:37+00:00","og_image":[{"width":940,"height":350,"url":"https:\/\/www.arcadsoftware.fr\/discover\/wp-content\/uploads\/2025\/12\/banniere-webinar-tendances-arcad-ia-2026.png","type":"image\/png"}],"author":"Myriam Goutte","twitter_card":"summary_large_image","twitter_misc":{"Written by":"Myriam Goutte","Est. reading time":"2 minutes"},"schema":{"@context":"https:\/\/schema.org","@graph":[{"@type":"Article","@id":"https:\/\/www.arcadsoftware.fr\/arcad\/infos-et-evenements\/webinars-a-revoir\/tendances-2026-vision-strategique-arcad\/#article","isPartOf":{"@id":"https:\/\/www.arcadsoftware.fr\/discover\/ressources\/webinars-fr\/tendances-2026-vision-strategique-arcad\/"},"author":{"name":"Myriam Goutte","@id":"https:\/\/www.arcadsoftware.com\/discover\/#\/schema\/person\/b87b7de46d0c60123a65cbd18026d2e3"},"headline":"Tendances 2026 : vision strat\u00e9gique d\u2019ARCAD Software","datePublished":"2025-12-30T14:41:01+00:00","dateModified":"2026-01-23T15:50:37+00:00","mainEntityOfPage":{"@id":"https:\/\/www.arcadsoftware.fr\/discover\/ressources\/webinars-fr\/tendances-2026-vision-strategique-arcad\/"},"wordCount":1691,"image":{"@id":"https:\/\/www.arcadsoftware.fr\/arcad\/infos-et-evenements\/webinars-a-revoir\/tendances-2026-vision-strategique-arcad\/#primaryimage"},"thumbnailUrl":"https:\/\/www.arcadsoftware.fr\/discover\/wp-content\/uploads\/2025\/12\/banniere-webinar-tendances-arcad-ia-2026.png","articleSection":["Webinars"],"inLanguage":"en-US"},{"@type":"WebPage","@id":"https:\/\/www.arcadsoftware.fr\/discover\/ressources\/webinars-fr\/tendances-2026-vision-strategique-arcad\/","url":"https:\/\/www.arcadsoftware.fr\/arcad\/infos-et-evenements\/webinars-a-revoir\/tendances-2026-vision-strategique-arcad\/","name":"Tendances 2026 : vision strat\u00e9gique d\u2019ARCAD","isPartOf":{"@id":"https:\/\/www.arcadsoftware.com\/discover\/#website"},"primaryImageOfPage":{"@id":"https:\/\/www.arcadsoftware.fr\/arcad\/infos-et-evenements\/webinars-a-revoir\/tendances-2026-vision-strategique-arcad\/#primaryimage"},"image":{"@id":"https:\/\/www.arcadsoftware.fr\/arcad\/infos-et-evenements\/webinars-a-revoir\/tendances-2026-vision-strategique-arcad\/#primaryimage"},"thumbnailUrl":"https:\/\/www.arcadsoftware.fr\/discover\/wp-content\/uploads\/2025\/12\/banniere-webinar-tendances-arcad-ia-2026.png","datePublished":"2025-12-30T14:41:01+00:00","dateModified":"2026-01-23T15:50:37+00:00","author":{"@id":"https:\/\/www.arcadsoftware.com\/discover\/#\/schema\/person\/b87b7de46d0c60123a65cbd18026d2e3"},"description":"Tendances IT 2026 : IA, DevSecOps, s\u00e9curit\u00e9 et cloud. Une vision strat\u00e9gique d\u2019ARCAD pour anticiper l\u2019\u00e9volution des applications critiques.","breadcrumb":{"@id":"https:\/\/www.arcadsoftware.fr\/arcad\/infos-et-evenements\/webinars-a-revoir\/tendances-2026-vision-strategique-arcad\/#breadcrumb"},"inLanguage":"en-US","potentialAction":[{"@type":"ReadAction","target":["https:\/\/www.arcadsoftware.fr\/arcad\/infos-et-evenements\/webinars-a-revoir\/tendances-2026-vision-strategique-arcad\/"]}]},{"@type":"ImageObject","inLanguage":"en-US","@id":"https:\/\/www.arcadsoftware.fr\/arcad\/infos-et-evenements\/webinars-a-revoir\/tendances-2026-vision-strategique-arcad\/#primaryimage","url":"https:\/\/www.arcadsoftware.fr\/discover\/wp-content\/uploads\/2025\/12\/banniere-webinar-tendances-arcad-ia-2026.png","contentUrl":"https:\/\/www.arcadsoftware.fr\/discover\/wp-content\/uploads\/2025\/12\/banniere-webinar-tendances-arcad-ia-2026.png","width":940,"height":350,"caption":"Banni\u00e8re replay Webinar Tendances IA 2026"},{"@type":"BreadcrumbList","@id":"https:\/\/www.arcadsoftware.fr\/arcad\/infos-et-evenements\/webinars-a-revoir\/tendances-2026-vision-strategique-arcad\/#breadcrumb","itemListElement":[{"@type":"ListItem","position":1,"name":"Home","item":"https:\/\/www.arcadsoftware.com\/discover\/"},{"@type":"ListItem","position":2,"name":"Tendances 2026 : vision strat\u00e9gique d\u2019ARCAD Software"}]},{"@type":"WebSite","@id":"https:\/\/www.arcadsoftware.com\/discover\/#website","url":"https:\/\/www.arcadsoftware.com\/discover\/","name":"DISCOVER - AI Assistant for Application Analysis","description":"AI Assistant for Application Analysis","potentialAction":[{"@type":"SearchAction","target":{"@type":"EntryPoint","urlTemplate":"https:\/\/www.arcadsoftware.com\/discover\/?s={search_term_string}"},"query-input":{"@type":"PropertyValueSpecification","valueRequired":true,"valueName":"search_term_string"}}],"inLanguage":"en-US"},{"@type":"Person","@id":"https:\/\/www.arcadsoftware.com\/discover\/#\/schema\/person\/b87b7de46d0c60123a65cbd18026d2e3","name":"Myriam Goutte"}]}},"_links":{"self":[{"href":"https:\/\/www.arcadsoftware.fr\/discover\/wp-json\/wp\/v2\/posts\/1148","targetHints":{"allow":["GET"]}}],"collection":[{"href":"https:\/\/www.arcadsoftware.fr\/discover\/wp-json\/wp\/v2\/posts"}],"about":[{"href":"https:\/\/www.arcadsoftware.fr\/discover\/wp-json\/wp\/v2\/types\/post"}],"author":[{"embeddable":true,"href":"https:\/\/www.arcadsoftware.fr\/discover\/wp-json\/wp\/v2\/users\/2"}],"replies":[{"embeddable":true,"href":"https:\/\/www.arcadsoftware.fr\/discover\/wp-json\/wp\/v2\/comments?post=1148"}],"version-history":[{"count":4,"href":"https:\/\/www.arcadsoftware.fr\/discover\/wp-json\/wp\/v2\/posts\/1148\/revisions"}],"predecessor-version":[{"id":1211,"href":"https:\/\/www.arcadsoftware.fr\/discover\/wp-json\/wp\/v2\/posts\/1148\/revisions\/1211"}],"wp:featuredmedia":[{"embeddable":true,"href":"https:\/\/www.arcadsoftware.fr\/discover\/wp-json\/wp\/v2\/media\/1204"}],"wp:attachment":[{"href":"https:\/\/www.arcadsoftware.fr\/discover\/wp-json\/wp\/v2\/media?parent=1148"}],"wp:term":[{"taxonomy":"category","embeddable":true,"href":"https:\/\/www.arcadsoftware.fr\/discover\/wp-json\/wp\/v2\/categories?post=1148"},{"taxonomy":"post_tag","embeddable":true,"href":"https:\/\/www.arcadsoftware.fr\/discover\/wp-json\/wp\/v2\/tags?post=1148"}],"curies":[{"name":"wp","href":"https:\/\/api.w.org\/{rel}","templated":true}]}}